{"id":2721,"date":"2022-02-14T21:37:37","date_gmt":"2022-02-14T20:37:37","guid":{"rendered":"http:\/\/sg-ramsau.de\/wp\/?p=2721"},"modified":"2022-02-14T21:41:54","modified_gmt":"2022-02-14T20:41:54","slug":"fabian-neumaier-im-team-germany","status":"publish","type":"post","link":"https:\/\/sg-ramsau.de\/wp\/?p=2721","title":{"rendered":"Fabian Neumaier im TEAM GERMANY&#8230;"},"content":{"rendered":"\n<div class=\"wp-block-image\"><figure class=\"alignleft size-full is-resized\"><a href=\"https:\/\/sg-ramsau.de\/wp\/wp-content\/uploads\/2022\/02\/Fabian_Neumaier.jpg\"><img loading=\"lazy\" decoding=\"async\" src=\"https:\/\/sg-ramsau.de\/wp\/wp-content\/uploads\/2022\/02\/Fabian_Neumaier.jpg\" alt=\"\" class=\"wp-image-2722\" width=\"314\" height=\"314\" srcset=\"https:\/\/sg-ramsau.de\/wp\/wp-content\/uploads\/2022\/02\/Fabian_Neumaier.jpg 1024w, https:\/\/sg-ramsau.de\/wp\/wp-content\/uploads\/2022\/02\/Fabian_Neumaier-300x300.jpg 300w, https:\/\/sg-ramsau.de\/wp\/wp-content\/uploads\/2022\/02\/Fabian_Neumaier-150x150.jpg 150w, https:\/\/sg-ramsau.de\/wp\/wp-content\/uploads\/2022\/02\/Fabian_Neumaier-768x768.jpg 768w\" sizes=\"auto, (max-width: 314px) 100vw, 314px\" \/><\/a><figcaption>Deutscher Meister im TEAM GERMANY<\/figcaption><\/figure><\/div>\n\n\n\n<p class=\"has-medium-font-size\"><strong><mark style=\"background-color:#f0f0f0\" class=\"has-inline-color has-black-color\">&#8230;bei der Europameisterschaft in S\u00fcdtirol!<\/mark><\/strong><\/p>\n\n\n\n<p>Nach der errungenen deutschen Meisterschaft im Januar wurde Fabian im Nationalteam U16 aufgenommen und nimmt jetzt an der 57. Europameisterschaft der Jugend in Klobenstein\/Ritten (S\u00fcdtirol) teil. Er trainiert bereits schon einige Tagen vor Ort im TEAM GERMANY. Am Dienstag, 14.2.22 ist Er\u00f6ffnung der EM mit Auslosung. Am Donnerstag tritt er im Zielschie\u00dfen-Einzel-Vorrunde an. Am Freitag w\u00e4re das Finale der 12 besten Einzelsch\u00fctzen. Am Samstag gehts f\u00fcr Fabian und dem Team weiter im Mannschaftszielschie\u00dfen. Zum Ende der Europameisterschaft am Sonntag stehen alle Ergebnisse fest. Nat\u00fcrlich dr\u00fcckt die DJK-SG Ramsau dem Fabian und dem TEAM GERMANY alle Daumen, w\u00fcnschen ihm viel Gl\u00fcck und viele positive Eindr\u00fccke, Begegnungen und Erlebnisse! (&#8230;und wir hoffen auf den Liveticker vom Tom; es muss ja nicht immer Olympia sein ;-))<\/p>\n","protected":false},"excerpt":{"rendered":"<p>&#8230;bei der Europameisterschaft in S\u00fcdtirol! Nach der errungenen deutschen Meisterschaft im Januar wurde Fabian im Nationalteam U16 aufgenommen und nimmt jetzt an der 57. Europameisterschaft der Jugend in Klobenstein\/Ritten (S\u00fcdtirol) [&hellip;]<\/p>\n","protected":false},"author":2,"featured_media":0,"comment_status":"closed","ping_status":"open","sticky":false,"template":"","format":"standard","meta":{"footnotes":""},"categories":[1,5],"tags":[],"class_list":["post-2721","post","type-post","status-publish","format-standard","hentry","category-allgemein","category-stockschuetzen"],"publishpress_future_action":{"enabled":false,"date":"2026-09-11 02:44:33","action":"change-status","newStatus":"draft","terms":[],"taxonomy":"category","extraData":[]},"publishpress_future_workflow_manual_trigger":{"enabledWorkflows":[]},"_links":{"self":[{"href":"https:\/\/sg-ramsau.de\/wp\/index.php?rest_route=\/wp\/v2\/posts\/2721","targetHints":{"allow":["GET"]}}],"collection":[{"href":"https:\/\/sg-ramsau.de\/wp\/index.php?rest_route=\/wp\/v2\/posts"}],"about":[{"href":"https:\/\/sg-ramsau.de\/wp\/index.php?rest_route=\/wp\/v2\/types\/post"}],"author":[{"embeddable":true,"href":"https:\/\/sg-ramsau.de\/wp\/index.php?rest_route=\/wp\/v2\/users\/2"}],"replies":[{"embeddable":true,"href":"https:\/\/sg-ramsau.de\/wp\/index.php?rest_route=%2Fwp%2Fv2%2Fcomments&post=2721"}],"version-history":[{"count":5,"href":"https:\/\/sg-ramsau.de\/wp\/index.php?rest_route=\/wp\/v2\/posts\/2721\/revisions"}],"predecessor-version":[{"id":2727,"href":"https:\/\/sg-ramsau.de\/wp\/index.php?rest_route=\/wp\/v2\/posts\/2721\/revisions\/2727"}],"wp:attachment":[{"href":"https:\/\/sg-ramsau.de\/wp\/index.php?rest_route=%2Fwp%2Fv2%2Fmedia&parent=2721"}],"wp:term":[{"taxonomy":"category","embeddable":true,"href":"https:\/\/sg-ramsau.de\/wp\/index.php?rest_route=%2Fwp%2Fv2%2Fcategories&post=2721"},{"taxonomy":"post_tag","embeddable":true,"href":"https:\/\/sg-ramsau.de\/wp\/index.php?rest_route=%2Fwp%2Fv2%2Ftags&post=2721"}],"curies":[{"name":"wp","href":"https:\/\/api.w.org\/{rel}","templated":true}]}}